{"id":2387,"date":"2023-11-15T14:17:44","date_gmt":"2023-11-15T14:17:44","guid":{"rendered":"https:\/\/www.elix-group.ch\/scatola-del-tempo-unveils-its-new-face\/"},"modified":"2023-12-21T13:16:29","modified_gmt":"2023-12-21T13:16:29","slug":"scatola-del-tempo-unveils-its-new-face","status":"publish","type":"post","link":"https:\/\/www.elix-group.ch\/en\/scatola-del-tempo-unveils-its-new-face\/","title":{"rendered":"Scatola del Tempo unveils its new look"},"content":{"rendered":"\n<div style=\"height:25px\" aria-hidden=\"true\" class=\"wp-block-spacer\"><\/div>\n\n<h2 class=\"wp-block-heading\"><strong><em>A renaissance of Italian elegance<\/em><\/strong><\/h2>\n\n<div style=\"height:10px\" aria-hidden=\"true\" class=\"wp-block-spacer\"><\/div>\n\n<p>Como &#8211; Scatola del Tempo, the iconic house of luxury accessories, is proud to announce its rebranding, celebrating its heritage while looking resolutely to the future. This transformation is part of an evolutionary process, while remaining true to its Italian roots and commitment to excellence.<\/p>\n\n<div style=\"height:25px\" aria-hidden=\"true\" class=\"wp-block-spacer\"><\/div>\n\n<h2 class=\"wp-block-heading\"><strong><em>The essence of Italianit\u00e0<\/em><\/strong><\/h2>\n\n<div style=\"height:10px\" aria-hidden=\"true\" class=\"wp-block-spacer\"><\/div>\n\n<p>Scatola del Tempo&#8217;s new identity is built around the essence of Italianit\u00e0, a concept that goes beyond simple Italian know-how. It reflects a state of mind, a fusion of elegance, sophistication, exceptional craftsmanship, quality design, authenticity, creativity and passion.<\/p>\n\n<div style=\"height:25px\" aria-hidden=\"true\" class=\"wp-block-spacer\"><\/div>\n\n<h2 class=\"wp-block-heading\"><strong><em>A new visual identity with the &#8220;S&#8221; imprint<\/em><\/strong><\/h2>\n\n<div style=\"height:10px\" aria-hidden=\"true\" class=\"wp-block-spacer\"><\/div>\n\n<p>The visual identity has been redesigned to reflect Italian aesthetic codes: clean lines, sophisticated colors and refined details. The new logo, &#8220;Quintessenza degli Accessori&#8221;, highlights our initial, the &#8220;S&#8221;, subtly framed in a generous circle, symbolizing our Italianness and the imprint of the craftsman. The typography chosen, Bagoss Extended, combines modernity and timelessness, while the color palette is inspired by the noble materials used in the brand&#8217;s luxury accessories.<\/p>\n\n<div style=\"height:25px\" aria-hidden=\"true\" class=\"wp-block-spacer\"><\/div>\n\n<h2 class=\"wp-block-heading\"><strong><em>A tribute to history<\/em><\/strong><\/h2>\n\n<div style=\"height:10px\" aria-hidden=\"true\" class=\"wp-block-spacer\"><\/div>\n\n<p>Scatola del Tempo has always been at the crossroads of passion, creativity and exceptional craftsmanship. Born in Italy, it was founded by Sandro Colarieti, who brought a touch of soul to every creation. Today, the brand revives this generous, bold personality, while showcasing its craftsmanship and unrivalled technology.<\/p>\n\n<div style=\"height:25px\" aria-hidden=\"true\" class=\"wp-block-spacer\"><\/div>\n\n<h2 class=\"wp-block-heading\"><strong><em>Towards new horizons<\/em><\/strong><\/h2>\n\n<div style=\"height:10px\" aria-hidden=\"true\" class=\"wp-block-spacer\"><\/div>\n\n<p>This rebranding is more than just a visual transformation. It&#8217;s a new vision, rooted in the brand&#8217;s Italian origins, which aspires to become the quintessential luxury accessory. Scatola del Tempo is committed to preserving its integrity while infusing it with new energy, so that it blends harmoniously with its timeless creations.<\/p>\n\n<div style=\"height:25px\" aria-hidden=\"true\" class=\"wp-block-spacer\"><\/div>\n\n<h2 class=\"wp-block-heading\"><strong><em>About Scatola del Tempo<\/em><\/strong><\/h2>\n\n<div style=\"height:10px\" aria-hidden=\"true\" class=\"wp-block-spacer\"><\/div>\n\n<p>Scatola del Tempo is a luxury house specializing in the creation of exceptional static and rotating cases. Founded in Italy, it is the originator of the first rotating case for automatic watches. Today, it is recognized for its craftsmanship, refined design and commitment to excellence.<\/p>\n\n<div style=\"height:25px\" aria-hidden=\"true\" class=\"wp-block-spacer\"><\/div>\n\n<p>For further information, please contact:<br\/><\/p>\n\n<p>Scatola del Tempo S.r.l.<br\/>Via Don Luigi Sturzo, 65, 22066 Mariano Comense (CO), Italy<br\/>info@scatoladeltempo.com<br\/>+39 031 360 982<\/p>\n\n<div style=\"height:20px\" aria-hidden=\"true\" class=\"wp-block-spacer\"><\/div>\n\n<p><em>This press release reflects the key information in the document provided, and highlights Scatola del Tempo&#8217;s rebranding while respecting its heritage and vision for the future.<\/em><\/p>\n\n<div style=\"height:50px\" aria-hidden=\"true\" class=\"wp-block-spacer\"><\/div>\n\n<div class=\"wp-block-file aligncenter has-background\" style=\"background-color:#ffffff00\"><a href=\"https:\/\/www.elix-group.ch\/wp-content\/uploads\/2023\/12\/Scatola-del-Tempo-devoile-son-nouveau-visage.pdf\" class=\"wp-block-file__button wp-element-button\" download=\"\">T\u00e9l\u00e9charger le communiqu\u00e9 de presse<\/a><\/div>\n\n<div class=\"wp-block-file aligncenter has-background\" style=\"background-color:#ffffff00\"><a href=\"https:\/\/www.elix-group.ch\/wp-content\/uploads\/2023\/12\/Scatola-del-Tempo-unveils-its-new-identity.pdf\" class=\"wp-block-file__button wp-element-button\" download=\"\">Download the press release<\/a><\/div>\n","protected":false},"excerpt":{"rendered":"<p>Scatola del Tempo, the iconic luxury accessories house, is proud to announce its rebranding, celebrating its heritage while looking resolutely to the future.  <\/p>\n","protected":false},"author":2,"featured_media":2068,"comment_status":"closed","ping_status":"closed","sticky":false,"template":"","format":"standard","meta":{"_acf_changed":false,"footnotes":""},"categories":[64],"tags":[],"class_list":["post-2387","post","type-post","status-publish","format-standard","has-post-thumbnail","hentry","category-press-release"],"acf":[],"yoast_head":"<!-- This site is optimized with the Yoast SEO plugin v27.5 - https:\/\/yoast.com\/product\/yoast-seo-wordpress\/ -->\n<title>Scatola del Tempo unveils its new look - Elix Group<\/title>\n<meta name=\"robots\" content=\"index, follow, max-snippet:-1, max-image-preview:large, max-video-preview:-1\" \/>\n<link rel=\"canonical\" href=\"https:\/\/www.elix-group.ch\/en\/scatola-del-tempo-unveils-its-new-face\/\" \/>\n<meta property=\"og:locale\" content=\"en_US\" \/>\n<meta property=\"og:type\" content=\"article\" \/>\n<meta property=\"og:title\" content=\"Scatola del Tempo unveils its new look - Elix Group\" \/>\n<meta property=\"og:description\" content=\"Scatola del Tempo, the iconic luxury accessories house, is proud to announce its rebranding, celebrating its heritage while looking resolutely to the future.\" \/>\n<meta property=\"og:url\" content=\"https:\/\/www.elix-group.ch\/en\/scatola-del-tempo-unveils-its-new-face\/\" \/>\n<meta property=\"og:site_name\" content=\"Elix Group\" \/>\n<meta property=\"article:published_time\" content=\"2023-11-15T14:17:44+00:00\" \/>\n<meta property=\"article:modified_time\" content=\"2023-12-21T13:16:29+00:00\" \/>\n<meta property=\"og:image\" content=\"https:\/\/www.elix-group.ch\/wp-content\/uploads\/2023\/11\/Scatola_del_Tempo_Rebranding.jpg\" \/>\n\t<meta property=\"og:image:width\" content=\"1129\" \/>\n\t<meta property=\"og:image:height\" content=\"1129\" \/>\n\t<meta property=\"og:image:type\" content=\"image\/jpeg\" \/>\n<meta name=\"author\" content=\"Guillaume Loffroy\" \/>\n<meta name=\"twitter:card\" content=\"summary_large_image\" \/>\n<meta name=\"twitter:label1\" content=\"Written by\" \/>\n\t<meta name=\"twitter:data1\" content=\"Guillaume Loffroy\" \/>\n\t<meta name=\"twitter:label2\" content=\"Est. reading time\" \/>\n\t<meta name=\"twitter:data2\" content=\"2 minutes\" \/>\n<script type=\"application\/ld+json\" class=\"yoast-schema-graph\">{\"@context\":\"https:\\\/\\\/schema.org\",\"@graph\":[{\"@type\":\"Article\",\"@id\":\"https:\\\/\\\/www.elix-group.ch\\\/en\\\/scatola-del-tempo-unveils-its-new-face\\\/#article\",\"isPartOf\":{\"@id\":\"https:\\\/\\\/www.elix-group.ch\\\/en\\\/scatola-del-tempo-unveils-its-new-face\\\/\"},\"author\":{\"name\":\"Guillaume Loffroy\",\"@id\":\"https:\\\/\\\/www.elix-group.ch\\\/en\\\/#\\\/schema\\\/person\\\/e811e6a0515f0976eece5644752d0e7d\"},\"headline\":\"Scatola del Tempo unveils its new look\",\"datePublished\":\"2023-11-15T14:17:44+00:00\",\"dateModified\":\"2023-12-21T13:16:29+00:00\",\"mainEntityOfPage\":{\"@id\":\"https:\\\/\\\/www.elix-group.ch\\\/en\\\/scatola-del-tempo-unveils-its-new-face\\\/\"},\"wordCount\":390,\"publisher\":{\"@id\":\"https:\\\/\\\/www.elix-group.ch\\\/en\\\/#organization\"},\"image\":{\"@id\":\"https:\\\/\\\/www.elix-group.ch\\\/en\\\/scatola-del-tempo-unveils-its-new-face\\\/#primaryimage\"},\"thumbnailUrl\":\"https:\\\/\\\/www.elix-group.ch\\\/wp-content\\\/uploads\\\/2023\\\/11\\\/Scatola_del_Tempo_Rebranding.jpg\",\"articleSection\":[\"Press release\"],\"inLanguage\":\"en-US\"},{\"@type\":\"WebPage\",\"@id\":\"https:\\\/\\\/www.elix-group.ch\\\/en\\\/scatola-del-tempo-unveils-its-new-face\\\/\",\"url\":\"https:\\\/\\\/www.elix-group.ch\\\/en\\\/scatola-del-tempo-unveils-its-new-face\\\/\",\"name\":\"Scatola del Tempo unveils its new look - Elix Group\",\"isPartOf\":{\"@id\":\"https:\\\/\\\/www.elix-group.ch\\\/en\\\/#website\"},\"primaryImageOfPage\":{\"@id\":\"https:\\\/\\\/www.elix-group.ch\\\/en\\\/scatola-del-tempo-unveils-its-new-face\\\/#primaryimage\"},\"image\":{\"@id\":\"https:\\\/\\\/www.elix-group.ch\\\/en\\\/scatola-del-tempo-unveils-its-new-face\\\/#primaryimage\"},\"thumbnailUrl\":\"https:\\\/\\\/www.elix-group.ch\\\/wp-content\\\/uploads\\\/2023\\\/11\\\/Scatola_del_Tempo_Rebranding.jpg\",\"datePublished\":\"2023-11-15T14:17:44+00:00\",\"dateModified\":\"2023-12-21T13:16:29+00:00\",\"breadcrumb\":{\"@id\":\"https:\\\/\\\/www.elix-group.ch\\\/en\\\/scatola-del-tempo-unveils-its-new-face\\\/#breadcrumb\"},\"inLanguage\":\"en-US\",\"potentialAction\":[{\"@type\":\"ReadAction\",\"target\":[\"https:\\\/\\\/www.elix-group.ch\\\/en\\\/scatola-del-tempo-unveils-its-new-face\\\/\"]}]},{\"@type\":\"ImageObject\",\"inLanguage\":\"en-US\",\"@id\":\"https:\\\/\\\/www.elix-group.ch\\\/en\\\/scatola-del-tempo-unveils-its-new-face\\\/#primaryimage\",\"url\":\"https:\\\/\\\/www.elix-group.ch\\\/wp-content\\\/uploads\\\/2023\\\/11\\\/Scatola_del_Tempo_Rebranding.jpg\",\"contentUrl\":\"https:\\\/\\\/www.elix-group.ch\\\/wp-content\\\/uploads\\\/2023\\\/11\\\/Scatola_del_Tempo_Rebranding.jpg\",\"width\":1129,\"height\":1129,\"caption\":\"Logo Scatola del Tempo\"},{\"@type\":\"BreadcrumbList\",\"@id\":\"https:\\\/\\\/www.elix-group.ch\\\/en\\\/scatola-del-tempo-unveils-its-new-face\\\/#breadcrumb\",\"itemListElement\":[{\"@type\":\"ListItem\",\"position\":1,\"name\":\"Accueil\",\"item\":\"https:\\\/\\\/www.elix-group.ch\\\/en\\\/home\\\/\"},{\"@type\":\"ListItem\",\"position\":2,\"name\":\"Scatola del Tempo unveils its new look\"}]},{\"@type\":\"WebSite\",\"@id\":\"https:\\\/\\\/www.elix-group.ch\\\/en\\\/#website\",\"url\":\"https:\\\/\\\/www.elix-group.ch\\\/en\\\/\",\"name\":\"Elix Group\",\"description\":\"Un rassemblement de Maisons d&#039;exceptions dans l&#039;industrie du luxe\",\"publisher\":{\"@id\":\"https:\\\/\\\/www.elix-group.ch\\\/en\\\/#organization\"},\"potentialAction\":[{\"@type\":\"SearchAction\",\"target\":{\"@type\":\"EntryPoint\",\"urlTemplate\":\"https:\\\/\\\/www.elix-group.ch\\\/en\\\/?s={search_term_string}\"},\"query-input\":{\"@type\":\"PropertyValueSpecification\",\"valueRequired\":true,\"valueName\":\"search_term_string\"}}],\"inLanguage\":\"en-US\"},{\"@type\":\"Organization\",\"@id\":\"https:\\\/\\\/www.elix-group.ch\\\/en\\\/#organization\",\"name\":\"Elix Group\",\"url\":\"https:\\\/\\\/www.elix-group.ch\\\/en\\\/\",\"logo\":{\"@type\":\"ImageObject\",\"inLanguage\":\"en-US\",\"@id\":\"https:\\\/\\\/www.elix-group.ch\\\/en\\\/#\\\/schema\\\/logo\\\/image\\\/\",\"url\":\"https:\\\/\\\/www.elix-group.ch\\\/wp-content\\\/uploads\\\/2023\\\/10\\\/elix-logo.svg\",\"contentUrl\":\"https:\\\/\\\/www.elix-group.ch\\\/wp-content\\\/uploads\\\/2023\\\/10\\\/elix-logo.svg\",\"width\":110,\"height\":33,\"caption\":\"Elix Group\"},\"image\":{\"@id\":\"https:\\\/\\\/www.elix-group.ch\\\/en\\\/#\\\/schema\\\/logo\\\/image\\\/\"},\"sameAs\":[\"https:\\\/\\\/www.linkedin.com\\\/company\\\/elix-group\\\/\"]},{\"@type\":\"Person\",\"@id\":\"https:\\\/\\\/www.elix-group.ch\\\/en\\\/#\\\/schema\\\/person\\\/e811e6a0515f0976eece5644752d0e7d\",\"name\":\"Guillaume Loffroy\",\"image\":{\"@type\":\"ImageObject\",\"inLanguage\":\"en-US\",\"@id\":\"https:\\\/\\\/secure.gravatar.com\\\/avatar\\\/2054ead07d47e016cdbc40d37241fc4747b06237aa76ee817d0e7dcdad1ea334?s=96&d=mm&r=g\",\"url\":\"https:\\\/\\\/secure.gravatar.com\\\/avatar\\\/2054ead07d47e016cdbc40d37241fc4747b06237aa76ee817d0e7dcdad1ea334?s=96&d=mm&r=g\",\"contentUrl\":\"https:\\\/\\\/secure.gravatar.com\\\/avatar\\\/2054ead07d47e016cdbc40d37241fc4747b06237aa76ee817d0e7dcdad1ea334?s=96&d=mm&r=g\",\"caption\":\"Guillaume Loffroy\"}}]}<\/script>\n<!-- \/ Yoast SEO plugin. -->","yoast_head_json":{"title":"Scatola del Tempo unveils its new look - Elix Group","robots":{"index":"index","follow":"follow","max-snippet":"max-snippet:-1","max-image-preview":"max-image-preview:large","max-video-preview":"max-video-preview:-1"},"canonical":"https:\/\/www.elix-group.ch\/en\/scatola-del-tempo-unveils-its-new-face\/","og_locale":"en_US","og_type":"article","og_title":"Scatola del Tempo unveils its new look - Elix Group","og_description":"Scatola del Tempo, the iconic luxury accessories house, is proud to announce its rebranding, celebrating its heritage while looking resolutely to the future.","og_url":"https:\/\/www.elix-group.ch\/en\/scatola-del-tempo-unveils-its-new-face\/","og_site_name":"Elix Group","article_published_time":"2023-11-15T14:17:44+00:00","article_modified_time":"2023-12-21T13:16:29+00:00","og_image":[{"width":1129,"height":1129,"url":"https:\/\/www.elix-group.ch\/wp-content\/uploads\/2023\/11\/Scatola_del_Tempo_Rebranding.jpg","type":"image\/jpeg"}],"author":"Guillaume Loffroy","twitter_card":"summary_large_image","twitter_misc":{"Written by":"Guillaume Loffroy","Est. reading time":"2 minutes"},"schema":{"@context":"https:\/\/schema.org","@graph":[{"@type":"Article","@id":"https:\/\/www.elix-group.ch\/en\/scatola-del-tempo-unveils-its-new-face\/#article","isPartOf":{"@id":"https:\/\/www.elix-group.ch\/en\/scatola-del-tempo-unveils-its-new-face\/"},"author":{"name":"Guillaume Loffroy","@id":"https:\/\/www.elix-group.ch\/en\/#\/schema\/person\/e811e6a0515f0976eece5644752d0e7d"},"headline":"Scatola del Tempo unveils its new look","datePublished":"2023-11-15T14:17:44+00:00","dateModified":"2023-12-21T13:16:29+00:00","mainEntityOfPage":{"@id":"https:\/\/www.elix-group.ch\/en\/scatola-del-tempo-unveils-its-new-face\/"},"wordCount":390,"publisher":{"@id":"https:\/\/www.elix-group.ch\/en\/#organization"},"image":{"@id":"https:\/\/www.elix-group.ch\/en\/scatola-del-tempo-unveils-its-new-face\/#primaryimage"},"thumbnailUrl":"https:\/\/www.elix-group.ch\/wp-content\/uploads\/2023\/11\/Scatola_del_Tempo_Rebranding.jpg","articleSection":["Press release"],"inLanguage":"en-US"},{"@type":"WebPage","@id":"https:\/\/www.elix-group.ch\/en\/scatola-del-tempo-unveils-its-new-face\/","url":"https:\/\/www.elix-group.ch\/en\/scatola-del-tempo-unveils-its-new-face\/","name":"Scatola del Tempo unveils its new look - Elix Group","isPartOf":{"@id":"https:\/\/www.elix-group.ch\/en\/#website"},"primaryImageOfPage":{"@id":"https:\/\/www.elix-group.ch\/en\/scatola-del-tempo-unveils-its-new-face\/#primaryimage"},"image":{"@id":"https:\/\/www.elix-group.ch\/en\/scatola-del-tempo-unveils-its-new-face\/#primaryimage"},"thumbnailUrl":"https:\/\/www.elix-group.ch\/wp-content\/uploads\/2023\/11\/Scatola_del_Tempo_Rebranding.jpg","datePublished":"2023-11-15T14:17:44+00:00","dateModified":"2023-12-21T13:16:29+00:00","breadcrumb":{"@id":"https:\/\/www.elix-group.ch\/en\/scatola-del-tempo-unveils-its-new-face\/#breadcrumb"},"inLanguage":"en-US","potentialAction":[{"@type":"ReadAction","target":["https:\/\/www.elix-group.ch\/en\/scatola-del-tempo-unveils-its-new-face\/"]}]},{"@type":"ImageObject","inLanguage":"en-US","@id":"https:\/\/www.elix-group.ch\/en\/scatola-del-tempo-unveils-its-new-face\/#primaryimage","url":"https:\/\/www.elix-group.ch\/wp-content\/uploads\/2023\/11\/Scatola_del_Tempo_Rebranding.jpg","contentUrl":"https:\/\/www.elix-group.ch\/wp-content\/uploads\/2023\/11\/Scatola_del_Tempo_Rebranding.jpg","width":1129,"height":1129,"caption":"Logo Scatola del Tempo"},{"@type":"BreadcrumbList","@id":"https:\/\/www.elix-group.ch\/en\/scatola-del-tempo-unveils-its-new-face\/#breadcrumb","itemListElement":[{"@type":"ListItem","position":1,"name":"Accueil","item":"https:\/\/www.elix-group.ch\/en\/home\/"},{"@type":"ListItem","position":2,"name":"Scatola del Tempo unveils its new look"}]},{"@type":"WebSite","@id":"https:\/\/www.elix-group.ch\/en\/#website","url":"https:\/\/www.elix-group.ch\/en\/","name":"Elix Group","description":"Un rassemblement de Maisons d&#039;exceptions dans l&#039;industrie du luxe","publisher":{"@id":"https:\/\/www.elix-group.ch\/en\/#organization"},"potentialAction":[{"@type":"SearchAction","target":{"@type":"EntryPoint","urlTemplate":"https:\/\/www.elix-group.ch\/en\/?s={search_term_string}"},"query-input":{"@type":"PropertyValueSpecification","valueRequired":true,"valueName":"search_term_string"}}],"inLanguage":"en-US"},{"@type":"Organization","@id":"https:\/\/www.elix-group.ch\/en\/#organization","name":"Elix Group","url":"https:\/\/www.elix-group.ch\/en\/","logo":{"@type":"ImageObject","inLanguage":"en-US","@id":"https:\/\/www.elix-group.ch\/en\/#\/schema\/logo\/image\/","url":"https:\/\/www.elix-group.ch\/wp-content\/uploads\/2023\/10\/elix-logo.svg","contentUrl":"https:\/\/www.elix-group.ch\/wp-content\/uploads\/2023\/10\/elix-logo.svg","width":110,"height":33,"caption":"Elix Group"},"image":{"@id":"https:\/\/www.elix-group.ch\/en\/#\/schema\/logo\/image\/"},"sameAs":["https:\/\/www.linkedin.com\/company\/elix-group\/"]},{"@type":"Person","@id":"https:\/\/www.elix-group.ch\/en\/#\/schema\/person\/e811e6a0515f0976eece5644752d0e7d","name":"Guillaume Loffroy","image":{"@type":"ImageObject","inLanguage":"en-US","@id":"https:\/\/secure.gravatar.com\/avatar\/2054ead07d47e016cdbc40d37241fc4747b06237aa76ee817d0e7dcdad1ea334?s=96&d=mm&r=g","url":"https:\/\/secure.gravatar.com\/avatar\/2054ead07d47e016cdbc40d37241fc4747b06237aa76ee817d0e7dcdad1ea334?s=96&d=mm&r=g","contentUrl":"https:\/\/secure.gravatar.com\/avatar\/2054ead07d47e016cdbc40d37241fc4747b06237aa76ee817d0e7dcdad1ea334?s=96&d=mm&r=g","caption":"Guillaume Loffroy"}}]}},"_links":{"self":[{"href":"https:\/\/www.elix-group.ch\/en\/wp-json\/wp\/v2\/posts\/2387","targetHints":{"allow":["GET"]}}],"collection":[{"href":"https:\/\/www.elix-group.ch\/en\/wp-json\/wp\/v2\/posts"}],"about":[{"href":"https:\/\/www.elix-group.ch\/en\/wp-json\/wp\/v2\/types\/post"}],"author":[{"embeddable":true,"href":"https:\/\/www.elix-group.ch\/en\/wp-json\/wp\/v2\/users\/2"}],"replies":[{"embeddable":true,"href":"https:\/\/www.elix-group.ch\/en\/wp-json\/wp\/v2\/comments?post=2387"}],"version-history":[{"count":22,"href":"https:\/\/www.elix-group.ch\/en\/wp-json\/wp\/v2\/posts\/2387\/revisions"}],"predecessor-version":[{"id":2636,"href":"https:\/\/www.elix-group.ch\/en\/wp-json\/wp\/v2\/posts\/2387\/revisions\/2636"}],"wp:featuredmedia":[{"embeddable":true,"href":"https:\/\/www.elix-group.ch\/en\/wp-json\/wp\/v2\/media\/2068"}],"wp:attachment":[{"href":"https:\/\/www.elix-group.ch\/en\/wp-json\/wp\/v2\/media?parent=2387"}],"wp:term":[{"taxonomy":"category","embeddable":true,"href":"https:\/\/www.elix-group.ch\/en\/wp-json\/wp\/v2\/categories?post=2387"},{"taxonomy":"post_tag","embeddable":true,"href":"https:\/\/www.elix-group.ch\/en\/wp-json\/wp\/v2\/tags?post=2387"}],"curies":[{"name":"wp","href":"https:\/\/api.w.org\/{rel}","templated":true}]}}